{"@context":"https:\/\/schema.org\/","@type":"CollectionPage","@id":"https:\/\/www.dusp.cz\/zivotni-styl\/#CollectionPage","headline":"\u017divotn\u00ed styl\r Category","description":"","url":"https:\/\/www.dusp.cz\/zivotni-styl\/","hasPart":[{"@type":"Article","@id":"https:\/\/www.dusp.cz\/co-je-dulezite-pro-nas-zivotni-styl\/","headline":"Co je d\u016fle\u017eit\u00e9 pro n\u00e1\u0161 \u017eivotn\u00ed styl","url":"https:\/\/www.dusp.cz\/co-je-dulezite-pro-nas-zivotni-styl\/","datePublished":"2024-08-29","dateModified":"2024-08-29","mainEntityOfPage":"https:\/\/www.dusp.cz\/co-je-dulezite-pro-nas-zivotni-styl\/","author":{"@type":"Person","@id":"https:\/\/www.dusp.cz\/author\/#Person","name":"","url":"https:\/\/www.dusp.cz\/author\/","identifier":1,"image":{"@type":"ImageObject","@id":"https:\/\/secure.gravatar.com\/avatar\/91506ed60e31abe586276a3e1420719df081581a820344a28fa2034bb1a2fe22?s=96&d=mm&r=g","url":"https:\/\/secure.gravatar.com\/avatar\/91506ed60e31abe586276a3e1420719df081581a820344a28fa2034bb1a2fe22?s=96&d=mm&r=g","height":96,"width":96}},"publisher":{"@type":"Organization","name":"dusp.cz","logo":{"@type":"ImageObject","@id":"\/logo.png","url":"\/logo.png","width":600,"height":60}},"image":{"@type":"ImageObject","@id":"https:\/\/www.dusp.cz\/wp-content\/uploads\/zivstyl4_10_2.jpg","url":"https:\/\/www.dusp.cz\/wp-content\/uploads\/zivstyl4_10_2.jpg","height":0,"width":0},"keywords":null},{"@type":"Article","@id":"https:\/\/www.dusp.cz\/tradicni-francouzska-moda-ma-dlouhe-koreny\/","headline":"Tradi\u010dn\u00ed francouzsk\u00e1 m\u00f3da m\u00e1 dlouh\u00e9 ko\u0159eny!","url":"https:\/\/www.dusp.cz\/tradicni-francouzska-moda-ma-dlouhe-koreny\/","datePublished":"2020-09-09","dateModified":"2023-05-01","mainEntityOfPage":"https:\/\/www.dusp.cz\/tradicni-francouzska-moda-ma-dlouhe-koreny\/","author":{"@type":"Person","@id":"https:\/\/www.dusp.cz\/author\/#Person","name":"","url":"https:\/\/www.dusp.cz\/author\/","identifier":1,"image":{"@type":"ImageObject","@id":"https:\/\/secure.gravatar.com\/avatar\/91506ed60e31abe586276a3e1420719df081581a820344a28fa2034bb1a2fe22?s=96&d=mm&r=g","url":"https:\/\/secure.gravatar.com\/avatar\/91506ed60e31abe586276a3e1420719df081581a820344a28fa2034bb1a2fe22?s=96&d=mm&r=g","height":96,"width":96}},"publisher":{"@type":"Organization","name":"dusp.cz","logo":{"@type":"ImageObject","@id":"\/logo.png","url":"\/logo.png","width":600,"height":60}},"image":{"@type":"ImageObject","@id":"https:\/\/www.dusp.cz\/wp-content\/uploads\/img_a303835_w2158_t1514633067.jpg","url":"https:\/\/www.dusp.cz\/wp-content\/uploads\/img_a303835_w2158_t1514633067.jpg","height":0,"width":0},"keywords":null},{"@type":"Article","@id":"https:\/\/www.dusp.cz\/deti-mit-ci-nemit\/","headline":"D\u011bti \u2013 m\u00edt \u010di nem\u00edt?","url":"https:\/\/www.dusp.cz\/deti-mit-ci-nemit\/","datePublished":"2019-11-23","dateModified":"2023-05-01","mainEntityOfPage":"https:\/\/www.dusp.cz\/deti-mit-ci-nemit\/","author":{"@type":"Person","@id":"https:\/\/www.dusp.cz\/author\/#Person","name":"","url":"https:\/\/www.dusp.cz\/author\/","identifier":1,"image":{"@type":"ImageObject","@id":"https:\/\/secure.gravatar.com\/avatar\/91506ed60e31abe586276a3e1420719df081581a820344a28fa2034bb1a2fe22?s=96&d=mm&r=g","url":"https:\/\/secure.gravatar.com\/avatar\/91506ed60e31abe586276a3e1420719df081581a820344a28fa2034bb1a2fe22?s=96&d=mm&r=g","height":96,"width":96}},"publisher":{"@type":"Organization","name":"dusp.cz","logo":{"@type":"ImageObject","@id":"\/logo.png","url":"\/logo.png","width":600,"height":60}},"image":{"@type":"ImageObject","@id":"https:\/\/www.dusp.cz\/wp-content\/uploads\/img_a359465_w3194_t1573387607.jpg","url":"https:\/\/www.dusp.cz\/wp-content\/uploads\/img_a359465_w3194_t1573387607.jpg","height":0,"width":0},"keywords":null}]}