[{"@context":"https:\/\/schema.org\/","@type":"Article","@id":"https:\/\/www.dusp.cz\/zase-se-neco-nepovedlo\/#Article","mainEntityOfPage":"https:\/\/www.dusp.cz\/zase-se-neco-nepovedlo\/","headline":"Zase se n\u011bco nepovedlo","name":"Zase se n\u011bco nepovedlo","description":"U\u017e p\u0159ed p\u011bknou \u0159\u00e1dkou let rozhodli m\u011bst\u0161t\u00ed a kraj\u0161t\u00ed p\u00e1ni o tom, \u017ee \u010cesk\u00e9 Bud\u011bjovice pot\u0159ebuj\u00ed leti\u0161t\u011b. M\u011blo to tu podpo\u0159it cestovn\u00ed ruch, m\u011blo to tu pozitivn\u011b ovlivnit podnikatelsk\u00e9 prost\u0159ed\u00ed, zkr\u00e1tka m\u011bli jsme se tu m\u00edt v\u00a0tomto ohledu l\u00e9pe. Co\u017e by t\u0159eba pro mne znamenalo, \u017ee u\u017e bych kv\u016fli sv\u00fdm zahrani\u010dn\u00edm dovolen\u00fdm nemusel jezdit a\u017e [&hellip;]","datePublished":"2022-05-23","dateModified":"2023-05-01","author":{"@type":"Person","@id":"https:\/\/www.dusp.cz\/author\/#Person","name":"","url":"https:\/\/www.dusp.cz\/author\/","identifier":1,"image":{"@type":"ImageObject","@id":"https:\/\/secure.gravatar.com\/avatar\/91506ed60e31abe586276a3e1420719df081581a820344a28fa2034bb1a2fe22?s=96&d=mm&r=g","url":"https:\/\/secure.gravatar.com\/avatar\/91506ed60e31abe586276a3e1420719df081581a820344a28fa2034bb1a2fe22?s=96&d=mm&r=g","height":96,"width":96}},"publisher":{"@type":"Organization","name":"dusp.cz","logo":{"@type":"ImageObject","@id":"\/logo.png","url":"\/logo.png","width":600,"height":60}},"image":{"@type":"ImageObject","@id":"https:\/\/www.dusp.cz\/wp-content\/uploads\/bud%C4%9Bjovick%C3%A9%20n%C3%A1m%C4%9Bst%C3%AD_2.jpg","url":"https:\/\/www.dusp.cz\/wp-content\/uploads\/bud%C4%9Bjovick%C3%A9%20n%C3%A1m%C4%9Bst%C3%AD_2.jpg","height":0,"width":0},"url":"https:\/\/www.dusp.cz\/zase-se-neco-nepovedlo\/","about":["Cestov\u00e1n\u00ed"],"wordCount":505,"articleBody":"U\u017e p\u0159ed p\u011bknou \u0159\u00e1dkou let rozhodli m\u011bst\u0161t\u00ed a kraj\u0161t\u00ed p\u00e1ni o tom, \u017ee \u010cesk\u00e9 Bud\u011bjovice pot\u0159ebuj\u00ed leti\u0161t\u011b. M\u011blo to tu podpo\u0159it cestovn\u00ed ruch, m\u011blo to tu pozitivn\u011b ovlivnit podnikatelsk\u00e9 prost\u0159ed\u00ed, zkr\u00e1tka m\u011bli jsme se tu m\u00edt v\u00a0tomto ohledu l\u00e9pe. Co\u017e by t\u0159eba pro mne znamenalo, \u017ee u\u017e bych kv\u016fli sv\u00fdm zahrani\u010dn\u00edm dovolen\u00fdm nemusel jezdit a\u017e na leti\u0161t\u011b do Prahy, p\u0159\u00edpadn\u011b V\u00eddn\u011b. Mohl jsem nasednout do letadla hned doma a u\u0161et\u0159it si tak zbyte\u010dn\u00fd kus cesty a s\u00a0n\u00edm souvisej\u00edc\u00ed v\u00fddaje.Nebyl to nezaj\u00edmav\u00fd n\u00e1pad. Pouze se v\u00a0t\u00e9to souvislosti kdekdo d\u011bsil p\u0159edstavy, jako to pak bude ve m\u011bst\u011b vypadat s\u00a0dopravn\u00ed situac\u00ed. Kdy\u017e u\u017e jsou tu po l\u00e9ta naprosto b\u011b\u017en\u00e9 dopravn\u00ed z\u00e1cpy, a kdyby se k\u00a0tomu p\u0159idali je\u0161t\u011b ti, kdo budou jezdit na leti\u0161t\u011b, ucpalo by se m\u011bsto \u00fapln\u011b.Ov\u0161em to se m\u011blo vy\u0159e\u0161it. A dodnes se toho vy\u0159e\u0161ilo p\u0159esn\u011b tolik, kolik se toho dos\u00e1hlo v\u00a0ot\u00e1zce vytou\u017een\u00e9ho obchvatu, kter\u00fd by m\u011bl doprav\u011b ve m\u011bst\u011b ulevit. Tedy nehnulo se to z\u00a0m\u00edsta.Ale leti\u0161t\u011b tu m\u00e1me. P\u0159ed p\u00e1r lety bylo prakticky dostav\u011bno a zb\u00fdvalo u\u017e jenom zajistit person\u00e1l. Co\u017e se zadrhlo mo\u017en\u00e1 jedin\u011b na tom, \u017ee se p\u0159i\u0161lo na to, \u017ee sem vlastn\u011b nikdo necht\u011bl l\u00e9tat. Pomalu za humny je p\u0159ece mezin\u00e1rodn\u00ed leti\u0161t\u011b v\u00a0Mnichov\u011b. Je\u0161t\u011b bl\u00ed\u017e je podobn\u00e9 d\u00e1vno funguj\u00edc\u00ed leti\u0161t\u011b v\u00a0Linci, pak jsou tu zm\u00edn\u011bn\u00e9 V\u00edde\u0148 a Praha. Tedy dost p\u0159\u00edle\u017eitost\u00ed na to, aby se nov\u00e9 leti\u0161t\u011b neu\u017eivilo.Leti\u0161t\u011b v\u00a0\u010cesk\u00fdch Bud\u011bjovic\u00edch pak m\u011blo navrch i dal\u0161\u00ed sm\u016flu. Proto\u017ee p\u0159i\u0161el koronavirus. A za pandemie u\u017e toto leti\u0161t\u011b nem\u011blo coby civiln\u00ed uplatn\u011bn\u00ed v\u016fbec, slou\u017eilo stejn\u011b jako d\u0159\u00edve nanejv\u00fd\u0161 k\u00a0omezen\u00e9mu odbavov\u00e1n\u00ed letadel soukrom\u00fdch.A tak dnes m\u00e1me za humny leti\u0161t\u011b. A i v\u00a0dob\u011b sou\u010dasn\u00e9 vrcholn\u00e9 sez\u00f3ny a enormn\u00edho z\u00e1jmu cestovat tu tedy logicky chc\u00edp pes. A neskute\u010dn\u00e9 pen\u00edze pomysln\u011b vylet\u011bly kom\u00ednem nebo byly vyhozen\u00e9 z\u00a0okna.M\u00e1me tu leti\u0161t\u011b. A k\u00a0\u010demu ho m\u00e1me? Od za\u010d\u00e1tku v\u00e1lky na Ukrajin\u011b je tu centrum pom\u00e1haj\u00edc\u00ed uprchl\u00edk\u016fm. A proto\u017ee to z\u0159ejm\u011b nesta\u010dilo leti\u0161t\u011b vyt\u00ed\u017eit, vznikl tu p\u0159ed m\u011bs\u00edcem nov\u00fd, ji\u017e \u010dtvrt\u00fd sb\u011brn\u00fd dv\u016fr m\u011bsta. A tak se u vchodu na leti\u0161t\u011b lze rovn\u011b\u017e zbavit v\u0161emo\u017en\u00e9ho odpadu. Proto\u017ee kreativit\u011b se prost\u011b meze nekladou. A kdy\u017e u\u017e tu jednou to leti\u0161t\u011b m\u00e1me\u2026                                                                                                                                                                                                                                                                                                                                                                                        4\/5 - (10 votes)        "},{"@context":"https:\/\/schema.org\/","@type":"BreadcrumbList","itemListElement":[{"@type":"ListItem","position":1,"name":"Zase se n\u011bco nepovedlo","item":"https:\/\/www.dusp.cz\/zase-se-neco-nepovedlo\/#breadcrumbitem"}]}]