[{"@context":"https:\/\/schema.org\/","@type":"Article","@id":"https:\/\/www.dusp.cz\/nejen-deti-by-mely-mit-radost-v-ocich\/#Article","mainEntityOfPage":"https:\/\/www.dusp.cz\/nejen-deti-by-mely-mit-radost-v-ocich\/","headline":"Nejen d\u011bti by m\u011bly m\u00edt radost v o\u010d\u00edch","name":"Nejen d\u011bti by m\u011bly m\u00edt radost v o\u010d\u00edch","description":"Role se tak trochu vym\u011bnili, vi\u010fte? Je te\u010f \u0159ada na V\u00e1s, jak se postar\u00e1te o blaho sv\u00fdch \u010derstv\u011b penzionovan\u00fdch rodi\u010d\u016f. U\u017e se rozhodli. Jednou prov\u017edy se odst\u011bhuj\u00ed na chalupu, kam stejn\u011b ka\u017ed\u00fd v\u00edkend odj\u00ed\u017ed\u011bli. Nejd\u0159\u00edve to bylo s V\u00e1mi, jako s mal\u00fdmi caparty. Nyn\u00ed, jako zakladatel\u00e9 st\u00e1le se rozr\u016fstaj\u00edc\u00ed rodiny. A co Vy? Nep\u0159em\u00fd\u0161l\u00edte o [&hellip;]","datePublished":"2018-11-18","dateModified":"2023-05-01","author":{"@type":"Person","@id":"https:\/\/www.dusp.cz\/author\/#Person","name":"","url":"https:\/\/www.dusp.cz\/author\/","identifier":1,"image":{"@type":"ImageObject","@id":"https:\/\/secure.gravatar.com\/avatar\/91506ed60e31abe586276a3e1420719df081581a820344a28fa2034bb1a2fe22?s=96&d=mm&r=g","url":"https:\/\/secure.gravatar.com\/avatar\/91506ed60e31abe586276a3e1420719df081581a820344a28fa2034bb1a2fe22?s=96&d=mm&r=g","height":96,"width":96}},"publisher":{"@type":"Organization","name":"dusp.cz","logo":{"@type":"ImageObject","@id":"\/logo.png","url":"\/logo.png","width":600,"height":60}},"image":{"@type":"ImageObject","@id":"https:\/\/www.dusp.cz\/wp-content\/uploads\/img_a331195_w2112_t1543564055.jpg","url":"https:\/\/www.dusp.cz\/wp-content\/uploads\/img_a331195_w2112_t1543564055.jpg","height":0,"width":0},"url":"https:\/\/www.dusp.cz\/nejen-deti-by-mely-mit-radost-v-ocich\/","about":["Produkty"],"wordCount":431,"articleBody":"      Role se tak trochu vym\u011bnili, vi\u010fte? Je te\u010f \u0159ada na V\u00e1s, jak se postar\u00e1te o blaho sv\u00fdch \u010derstv\u011b penzionovan\u00fdch rodi\u010d\u016f. U\u017e se rozhodli. Jednou prov\u017edy se odst\u011bhuj\u00ed na chalupu, kam stejn\u011b ka\u017ed\u00fd v\u00edkend odj\u00ed\u017ed\u011bli. Nejd\u0159\u00edve to bylo s V\u00e1mi, jako s mal\u00fdmi caparty. Nyn\u00ed, jako zakladatel\u00e9 st\u00e1le se rozr\u016fstaj\u00edc\u00ed rodiny. A co Vy? Nep\u0159em\u00fd\u0161l\u00edte o tom, \u017ee byste jim m\u011bli ud\u011blat radost stejn\u011b, jako ji oni d\u011blali v\u017edycky V\u00e1m?Jd\u011bte do toho. M\u016f\u017eete jim toti\u017e po\u0159\u00eddit \u00fapln\u011b novou a kvalitn\u00ed man\u017eelskou postel 180&#215;200 cm. Pro\u010d pr\u00e1v\u011b takov\u00fd dar? Je to jednoduch\u00e9. Zav\u00e1n\u00ed to tak trochu i prakti\u010dnost\u00ed, kter\u00e1 je V\u00e1m nade v\u0161e. Rodina se rozr\u016fst\u00e1 a v chalup\u011b mus\u00ed p\u0159ib\u00fdt n\u011bjak\u00e9 to vybaven\u00ed, kter\u00e9 poslou\u017e\u00ed i Va\u0161im rodin\u00e1m, a\u017e se tam o v\u00edkendech budete setk\u00e1vat. Kam se ulo\u017e\u00edte? Na nafukovac\u00ed matrace? Co\u017e o to. D\u011btem by se to l\u00edbilo n\u00e1ramn\u011b! Budi\u017e tedy! Ale co Vy? Kam se poskl\u00e1d\u00e1te Vy dosp\u011bl\u00ed? Darem v podob\u011b kvalitn\u00ed postele 180&#215;200 cm vykouzl\u00edte radost v o\u0159\u00edch rodi\u010d\u016f! Bude to \u00fapln\u011b stejn\u00fd pohled, jako do radostn\u00fdch o\u010d\u00ed d\u011btsk\u00fdch! A Vy se pohodln\u011b vysp\u00edte v t\u011bch star\u0161\u00edho dne v\u00fdroby. V\u00edkend to vydr\u017e\u00edte! To p\u0159ece nen\u00ed \u0161patn\u00fd n\u00e1pad, co \u0159\u00edk\u00e1te?Jen je\u0161t\u011b napl\u00e1nujte po\u0159\u00e1dn\u00e9 p\u0159ekvapen\u00ed! Pokuste se o p\u0159ekvapen\u00ed. Ur\u010dit\u011b budete n\u00e1pomocni p\u0159i st\u011bhov\u00e1n\u00ed. Tak\u017ee by to nem\u011bl b\u00fdt \u017e\u00e1dn\u00fd probl\u00e9m! Rodi\u010de by m\u011bli na chalupu, tedy do sv\u00e9ho nov\u00e9ho trval\u00e9ho bydli\u0161t\u011b p\u0159ijet k hotov\u00e9mu. Ne\u0159\u00edkejte jim nic o tom, co m\u00e1te v pl\u00e1nu uskute\u010dnit. Prost\u011b to ud\u011blejte. Rodi\u010de takov\u00fd dar nebudou rozhodn\u011b o\u010dek\u00e1vat. A jak budou reagovat? Nebojte se, \u017ee by byli nespokojen\u00ed. To rozhodn\u011b ne. Naopak! Budou se t\u011b\u0161it nejen do sv\u00e9ho nov\u00e9ho bydli\u0161t\u011b, ale tak\u00e9 na to, a\u017e se p\u016fjde kone\u010dn\u011b sp\u00e1t, aby si nov\u00e9 postele 180&#215;200 cm mohli po\u0159\u00e1dn\u011b u\u017e\u00edt! Nakonec se jim ani nebude cht\u00edt r\u00e1no z nov\u00e9ho pel\u00ed\u0161ku vyl\u00e9zat. Nevad\u00ed. Protentokr\u00e1t sn\u00eddani p\u0159ichyst\u00e1te Vy! Tak co \u0159\u00edk\u00e1te takov\u00e9 mal\u00e9 lsti na Va\u0161e rodi\u010de? Nepust\u00edte se do organizov\u00e1n\u00ed?                                                                                                                                                                                                                                                                                                                                                                                          4.2\/5 - (8 votes)        "},{"@context":"https:\/\/schema.org\/","@type":"BreadcrumbList","itemListElement":[{"@type":"ListItem","position":1,"name":"Nejen d\u011bti by m\u011bly m\u00edt radost v o\u010d\u00edch","item":"https:\/\/www.dusp.cz\/nejen-deti-by-mely-mit-radost-v-ocich\/#breadcrumbitem"}]}]