[{"@context":"https:\/\/schema.org\/","@type":"Article","@id":"https:\/\/www.dusp.cz\/jen-my-dva\/#Article","mainEntityOfPage":"https:\/\/www.dusp.cz\/jen-my-dva\/","headline":"Jen my dva","name":"Jen my dva","description":"Ano, p\u0159\u00e1tel\u00e9, je to ur\u010dit\u011b a bezesporu svatebn\u00ed ozn\u00e1men\u00ed! Je to vizitka na\u0161\u00ed l\u00e1sky, na\u0161eho vz\u00e1jemn\u00e9ho \u0161t\u011bst\u00ed, na\u0161eho velk\u00e9ho dne, kdy si v z\u00e1stupu pla\u010d\u00edc\u00edch radost\u00ed a p\u0159ihl\u00ed\u017eej\u00edc\u00edch host\u016f \u0159ekneme, \u017ee ano, \u017ee to prost\u011b spolu zkus\u00edme s koncem nejist\u00fdm, ale zkus\u00edme. O to v\u00edce je ten pocit kr\u00e1sn\u011bj\u0161\u00ed a l\u00e1kav\u011bj\u0161\u00ed, o to v\u00edce chceme [&hellip;]","datePublished":"2019-09-26","dateModified":"2023-05-01","author":{"@type":"Person","@id":"https:\/\/www.dusp.cz\/author\/#Person","name":"","url":"https:\/\/www.dusp.cz\/author\/","identifier":1,"image":{"@type":"ImageObject","@id":"https:\/\/secure.gravatar.com\/avatar\/91506ed60e31abe586276a3e1420719df081581a820344a28fa2034bb1a2fe22?s=96&d=mm&r=g","url":"https:\/\/secure.gravatar.com\/avatar\/91506ed60e31abe586276a3e1420719df081581a820344a28fa2034bb1a2fe22?s=96&d=mm&r=g","height":96,"width":96}},"publisher":{"@type":"Organization","name":"dusp.cz","logo":{"@type":"ImageObject","@id":"\/logo.png","url":"\/logo.png","width":600,"height":60}},"image":{"@type":"ImageObject","@id":"https:\/\/www.dusp.cz\/wp-content\/uploads\/img_a365468_w1736_t1578307100.jpg","url":"https:\/\/www.dusp.cz\/wp-content\/uploads\/img_a365468_w1736_t1578307100.jpg","height":0,"width":0},"url":"https:\/\/www.dusp.cz\/jen-my-dva\/","about":["Podnik\u00e1n\u00ed"],"wordCount":454,"articleBody":"         Ano, p\u0159\u00e1tel\u00e9, je to ur\u010dit\u011b a bezesporu svatebn\u00ed ozn\u00e1men\u00ed! Je to vizitka na\u0161\u00ed l\u00e1sky, na\u0161eho vz\u00e1jemn\u00e9ho \u0161t\u011bst\u00ed, na\u0161eho velk\u00e9ho dne, kdy si v z\u00e1stupu pla\u010d\u00edc\u00edch radost\u00ed a p\u0159ihl\u00ed\u017eej\u00edc\u00edch host\u016f \u0159ekneme, \u017ee ano, \u017ee to prost\u011b spolu zkus\u00edme s koncem nejist\u00fdm, ale zkus\u00edme. O to v\u00edce je ten pocit kr\u00e1sn\u011bj\u0161\u00ed a l\u00e1kav\u011bj\u0161\u00ed, o to v\u00edce chceme a p\u0159ejeme si, aby v\u0161e vy\u0161lo na prvn\u00ed dobrou. Ale hezky od za\u010d\u00e1tku, proto\u017ee svatbou v\u0161e teprve za\u010d\u00edn\u00e1. A vlastn\u011b ani s n\u00ed ne, v\u0161e za\u010d\u00edn\u00e1 samotn\u00fdmi p\u0159\u00edpravami. A k nim bezesporu pat\u0159\u00ed ti\u0161t\u011bn\u00e1 prezentace on\u00e9 ud\u00e1losti. Samoz\u0159ejm\u011b ka\u017ed\u00fd p\u00e1r chce b\u00fdt v t\u00e9to souvislosti jin\u00fd, origin\u00e1ln\u00ed, neokoukan\u00fd. Ov\u0161em v\u0161eho s m\u00edrou. Velk\u00fd d\u016fraz na originalitu m\u016f\u017ee skon\u010dit tot\u00e1ln\u00edm fiaskem v podob\u011b nevhodn\u00e9ho pojet\u00ed, kter\u00e9 hrani\u010d\u00ed a\u017e s k\u00fd\u010dem! Obra\u0165te se v\u017edy tam, kde maj\u00ed letit\u00e9 zku\u0161enosti a r\u00e1di porad\u00ed. Nab\u00eddnou z mnoha variant n\u00e1dhern\u00fdch motiv\u016f, kde si jednodu\u0161e vybere i ten nejn\u00e1ro\u010dn\u011bj\u0161\u00ed z\u00e1kazn\u00edk. I kdy\u017e jednodu\u0161e nen\u00ed ten zcela spr\u00e1vn\u00fd v\u00fdraz, nab\u00eddka je tak bohat\u00e1 a pestr\u00e1, \u017ee budete muset dlouho \u0159e\u0161it, kter\u00e9 ozn\u00e1men\u00ed je kr\u00e1sn\u011bj\u0161\u00ed a hod\u00ed se pr\u00e1v\u011b a jenom k V\u00e1m.  Nab\u00edz\u00edme v\u0161echno, na\u010d si jen vzpomenete. Nab\u00edz\u00edme verze vylo\u017een\u011b romanticky zam\u011b\u0159en\u00e9, nab\u00edz\u00edme modern\u00ed z\u00e1le\u017eitosti, nebo klasiku, kter\u00e1 nikdy nezklame. Z\u00e1le\u017e\u00ed na ka\u017ed\u00e9m p\u00e1ru, co se mu l\u00edb\u00ed a jak si sv\u016fj velk\u00fd den p\u0159edstavuje. Samoz\u0159ejm\u011b, \u017ee pokud m\u00e1te svatbu napl\u00e1novanou do ur\u010dit\u00e9ho barevn\u00e9ho t\u00f3nu, r\u00e1di i my p\u0159isp\u011bjeme k celkov\u00e9 harmonizaci, co se ozn\u00e1men\u00ed t\u00fdk\u00e1. Prost\u011b tady se p\u0159ed V\u00e1mi otev\u00edr\u00e1 nab\u00eddka, jak m\u00edt v\u0161e, velmi kvalitn\u011b, v dokonal\u00e9m designu a je\u0161t\u011b ke v\u0161emu velmi levn\u011b, co\u017e se p\u0159i vysok\u00fdch n\u00e1kladech na svatbu jako takovou ur\u010dit\u011b hod\u00ed! Tak\u017ee mil\u00ed snoubenci, nen\u00ed nad \u010d\u00edm v\u00e1hat! Pokud chcete m\u00edt sv\u016fj den dle p\u0159edstav, s n\u00e1mi m\u00e1te rozhodn\u011b zelenou! I pro ty, kte\u0159\u00ed si nevyberou z na\u0161\u00ed bohat\u00e9 nab\u00eddky, m\u00e1me skv\u011blou zpr\u00e1vu. Klidn\u011b p\u0159ijd\u011bte s vlastn\u00edm n\u00e1padem a n\u00e1vrhem, r\u00e1di ho zpracujeme tak, abyste byli spokojeni.                                                                                                                                                                                                                                                                                                                                                                                           4.7\/5 - (6 votes)        "},{"@context":"https:\/\/schema.org\/","@type":"BreadcrumbList","itemListElement":[{"@type":"ListItem","position":1,"name":"Jen my dva","item":"https:\/\/www.dusp.cz\/jen-my-dva\/#breadcrumbitem"}]}]