[{"@context":"https:\/\/schema.org\/","@type":"Article","@id":"https:\/\/www.dusp.cz\/deti-mit-ci-nemit\/#Article","mainEntityOfPage":"https:\/\/www.dusp.cz\/deti-mit-ci-nemit\/","headline":"D\u011bti \u2013 m\u00edt \u010di nem\u00edt?","name":"D\u011bti \u2013 m\u00edt \u010di nem\u00edt?","description":"Je v\u00e1m kolem t\u0159iceti a za\u010d\u00edn\u00e1te kolem sebe pozorovat zm\u011bny? M\u00e1te pocit, \u017ee v\u00e1\u0161 \u017eivot i \u017eivot va\u0161ich kamar\u00e1d\u016f a vrstevn\u00edk\u016f se najednou neto\u010d\u00ed u\u017e jen kolem ve\u010d\u00edrk\u016f, z\u00e1bavy a cestov\u00e1n\u00ed? Pomalu ale jist\u011b se v\u00e1m v\u00a0tomto v\u011bku za\u010d\u00ednaj\u00ed do zorn\u00e9ho pole vkr\u00e1dat t\u00e9mata jako je svatba, hypot\u00e9ka, d\u011bti. D\u011bti, na ty j\u00e1 m\u00e1m je\u0161t\u011b [&hellip;]","datePublished":"2019-11-23","dateModified":"2023-05-01","author":{"@type":"Person","@id":"https:\/\/www.dusp.cz\/author\/#Person","name":"","url":"https:\/\/www.dusp.cz\/author\/","identifier":1,"image":{"@type":"ImageObject","@id":"https:\/\/secure.gravatar.com\/avatar\/91506ed60e31abe586276a3e1420719df081581a820344a28fa2034bb1a2fe22?s=96&d=mm&r=g","url":"https:\/\/secure.gravatar.com\/avatar\/91506ed60e31abe586276a3e1420719df081581a820344a28fa2034bb1a2fe22?s=96&d=mm&r=g","height":96,"width":96}},"publisher":{"@type":"Organization","name":"dusp.cz","logo":{"@type":"ImageObject","@id":"\/logo.png","url":"\/logo.png","width":600,"height":60}},"image":{"@type":"ImageObject","@id":"https:\/\/www.dusp.cz\/wp-content\/uploads\/img_a359465_w3194_t1573387607.jpg","url":"https:\/\/www.dusp.cz\/wp-content\/uploads\/img_a359465_w3194_t1573387607.jpg","height":0,"width":0},"url":"https:\/\/www.dusp.cz\/deti-mit-ci-nemit\/","about":["\u017divotn\u00ed styl\r"],"wordCount":636,"articleBody":"Je v\u00e1m kolem t\u0159iceti a za\u010d\u00edn\u00e1te kolem sebe pozorovat zm\u011bny? M\u00e1te pocit, \u017ee v\u00e1\u0161 \u017eivot i \u017eivot va\u0161ich kamar\u00e1d\u016f a vrstevn\u00edk\u016f se najednou neto\u010d\u00ed u\u017e jen kolem ve\u010d\u00edrk\u016f, z\u00e1bavy a cestov\u00e1n\u00ed?\tPomalu ale jist\u011b se v\u00e1m v\u00a0tomto v\u011bku za\u010d\u00ednaj\u00ed do zorn\u00e9ho pole vkr\u00e1dat t\u00e9mata jako je svatba, hypot\u00e9ka, d\u011bti. D\u011bti, na ty j\u00e1 m\u00e1m je\u0161t\u011b \u010das \u2013 tohle nejsp\u00ed\u0161 bude v\u00e1\u0161 nej\u010dast\u011bj\u0161\u00ed argument. Ale ruku na srdce \u2013 kdy\u017e vid\u00edte lidi okolo sebe, jak se m\u011bn\u00ed spolu se sv\u00fdmi potomky a jak jejich \u017eivot dost\u00e1v\u00e1 nov\u00fd smysl, nenapadne v\u00e1s, jak\u00e9 to asi je? Nep\u0159em\u00fd\u0161l\u00edte o tom, jac\u00ed asi budete rodi\u010de a jak by bylo hezk\u00e9 m\u00edt hodn\u00e9 d\u011bti, kter\u00fdm byste mohli p\u0159ed\u00e1vat sv\u00e1 \u017eivotn\u00ed moudra?\t\tNa druhou stranu, je pot\u0159eba zv\u00e1\u017eit, zda jste opravdu p\u0159ipraveni d\u011blit se s\u00a0n\u011bk\u00fdm po zbytek \u017eivota o sebe sam\u00e9ho \u2013 o sv\u016fj osobn\u00ed prostor, city, z\u00e1zem\u00ed, domov, finance, energii a samoz\u0159ejm\u011b i o sv\u016fj sp\u00e1nek, kter\u00fd v\u00e1m nejsp\u00ed\u0161 p\u00e1r let bude sch\u00e1zet.\tKdy je tedy ten prav\u00fd \u010das? D\u00e1 v\u00e1m n\u011bkdo znamen\u00ed, nebo se jednoho dne prost\u011b probud\u00edte a v\u00edte, \u017ee u\u017e je to tady? Jak vy\u0159e\u0161it toto dilema?\t\tPro\u010d m\u00edt d\u011bti:\t1.\u00a0\u00a0\u00a0\u00a0\u00a0\u00a0 Za\u017eijete z\u00e1sadn\u00ed zlom ve sv\u00e9m \u017eivot\u011b, kter\u00fd se kompletn\u011b zm\u011bn\u00ed a pos\u00edl\u00ed v\u00e1s to.\t2.\u00a0\u00a0\u00a0\u00a0\u00a0\u00a0 Pos\u00edl\u00ed to v\u00e1\u0161 vztah s\u00a0partnerem, kter\u00fd se tak\u00e9 v\u00a0mnoh\u00e9m zm\u011bn\u00ed.\t3.\u00a0\u00a0\u00a0\u00a0\u00a0\u00a0 Napln\u00edte svou p\u0159irozenou pot\u0159ebu, o n\u011bkoho pe\u010dovat a uspokojen\u00ed, kter\u00e9 z\u00a0toho pramen\u00ed.\t4.\u00a0\u00a0\u00a0\u00a0\u00a0\u00a0 Za\u017eijete nov\u00fd druh l\u00e1sky, kterou jste dosud nepoznali \u2013 rodi\u010dovskou l\u00e1sku.\t5.\u00a0\u00a0\u00a0\u00a0\u00a0\u00a0 Pos\u00edl\u00ed to vazby ve va\u0161\u00ed rodin\u011b, do kter\u00e9 p\u0159ibude nov\u00fd \u010dlen.\t6.\u00a0\u00a0\u00a0\u00a0\u00a0\u00a0 Za\u017eijete spoustu nov\u00fdch v\u011bc\u00ed, plno se toho nau\u010d\u00edte.\t7.\u00a0\u00a0\u00a0\u00a0\u00a0\u00a0 Sv\u00e9 d\u00edt\u011b toho budete moct spoustu nau\u010dit, p\u0159edat mu sv\u00e9 poznatky o \u017eivot\u011b, p\u0159edat mu informace o sv\u011bt\u011b, aby si je mohl za\u010d\u00edt zpracov\u00e1vat po sv\u00e9m.\t8.\u00a0\u00a0\u00a0\u00a0\u00a0\u00a0 Budete m\u00edt mo\u017enost pod\u00edlet se na formov\u00e1n\u00ed nov\u00e9 lidsk\u00e9 bytosti.\t9.\u00a0\u00a0\u00a0\u00a0\u00a0\u00a0 V\u00e1\u0161 \u017eivot dostane nov\u00fd smysl. Smysl, kter\u00fd p\u0159esahuje va\u0161\u00ed samostatnou existenci.\t10.\u00a0\u00a0 Budete m\u00edt jistotu, \u017ee a\u017e z\u00a0tohoto sv\u011bta odejdete, n\u011bco velmi v\u00fdznamn\u00e9ho tu po sob\u011b zanech\u00e1te.\tPro\u010d nem\u00edt d\u011bti:\t1.\u00a0\u00a0\u00a0\u00a0\u00a0\u00a0 Nevratn\u011b p\u0159ijdete o sv\u00e9 soukrom\u00ed.\t2.\u00a0\u00a0\u00a0\u00a0\u00a0\u00a0 V\u00e1\u0161 vztah s\u00a0partnerem se zm\u011bn\u00ed. U\u017e nebudete jen p\u00e1r, budete rodi\u010de. A bude velmi t\u011b\u017ek\u00e9 si udr\u017eet p\u00e1rov\u00e9 aktivity i po n\u011bkolika letech sd\u00edlen\u00ed pouze rodinn\u00fdch z\u00e1le\u017eitost\u00ed.\t3.\u00a0\u00a0\u00a0\u00a0\u00a0\u00a0 V\u00fdchova a p\u00e9\u010de o d\u00edt\u011b je proces, kter\u00fd je do jist\u00e9 m\u00edry pouze jednostrann\u00fd. V\u017edy budete ten, kdo m\u00e1 strach, ten, kdo se star\u00e1 i kdy\u017e o to nikdo nepros\u00ed, ten, kdo mus\u00ed ukon\u010dit diskuzi a hl\u00eddat sv\u00e9 d\u00edt\u011b.\t4.\u00a0\u00a0\u00a0\u00a0\u00a0\u00a0 Vyslechnete si spoustu n\u00e1zor\u016f na v\u00fdchovu a p\u00e9\u010di o d\u00edt\u011b, o kter\u00e9 nestoj\u00edte.\t5.\u00a0\u00a0\u00a0\u00a0\u00a0\u00a0 Budete m\u00edt po\u0159\u00e1d pocit, \u017ee d\u011bl\u00e1te n\u011bco \u0161patn\u011b nebo \u017ee v\u016fbec netu\u0161\u00edte, co vlastn\u011b d\u011bl\u00e1te.\t6.\u00a0\u00a0\u00a0\u00a0\u00a0\u00a0 Nikdy se u\u017e po\u0159\u00e1dn\u011b nevysp\u00edte. Budete unaveni i p\u0159es den. V\u00e1\u0161 denn\u00ed re\u017eim se zm\u011bn\u00ed a bude p\u0159izp\u016fsoben d\u00edt\u011bti.\t7.\u00a0\u00a0\u00a0\u00a0\u00a0\u00a0 Budete m\u00edt m\u00e1lo energie a \u010dasu sami na sebe.\t8.\u00a0\u00a0\u00a0\u00a0\u00a0\u00a0 Budete \u017e\u00edt neust\u00e1le ve strachu, \u017ee se d\u00edt\u011bti n\u011bco stane, \u017ee mu n\u011bkdo ubl\u00ed\u017e\u00ed, \u017ee se n\u011bco pokaz\u00ed a jeho \u017eivot nebude takov\u00fd, jak jste si p\u0159\u00e1li.                                                                                                                                                                                                                                                                                                                                                                                        4.1\/5 - (8 votes)        "},{"@context":"https:\/\/schema.org\/","@type":"BreadcrumbList","itemListElement":[{"@type":"ListItem","position":1,"name":"D\u011bti \u2013 m\u00edt \u010di nem\u00edt?","item":"https:\/\/www.dusp.cz\/deti-mit-ci-nemit\/#breadcrumbitem"}]}]